{"id":43609,"date":"2026-02-10T09:20:10","date_gmt":"2026-02-10T09:20:10","guid":{"rendered":"https:\/\/eledi.robertocuomo.com\/?p=43609"},"modified":"2026-02-10T09:36:02","modified_gmt":"2026-02-10T09:36:02","slug":"autumn-vibes-i-trend-del-2025","status":"publish","type":"post","link":"https:\/\/eledi.robertocuomo.com\/?p=43609","title":{"rendered":"Autumn Vibes: I Trend del 2025"},"content":{"rendered":"\t\t<div data-elementor-type=\"wp-post\" data-elementor-id=\"43609\" class=\"elementor elementor-43609\">\n\t\t\t\t<div class=\"elementor-element elementor-element-177e661 e-con-full e-flex ecomus-responsive-column ecomus-tablet-column--default ecomus-responsive-column ecomus-mobile-column--default ecomus-responsive-column ecomus-motion--var(--position) wpr-particle-no wpr-jarallax-no wpr-parallax-no wpr-sticky-section-no e-con e-parent\" data-id=\"177e661\" data-element_type=\"container\" data-e-type=\"container\">\n\t\t<div class=\"elementor-element elementor-element-6b778de e-con-full e-flex ecomus-responsive-column ecomus-tablet-column--default ecomus-responsive-column ecomus-mobile-column--default ecomus-responsive-column ecomus-motion--var(--position) wpr-particle-no wpr-jarallax-no wpr-parallax-no wpr-sticky-section-no e-con e-child\" data-id=\"6b778de\" data-element_type=\"container\" data-e-type=\"container\">\n\t\t\t\t<div class=\"elementor-element elementor-element-7729aff elementor-widget elementor-widget-wpr-post-media\" data-id=\"7729aff\" data-element_type=\"widget\" data-e-type=\"widget\" data-widget_type=\"wpr-post-media.default\">\n\t\t\t\t<div class=\"elementor-widget-container\">\n\t\t\t\t\t<div class=\"wpr-featured-media-wrap\" data-caption=\"standard\"><div class=\"wpr-featured-media-image\" data-src=\"https:\/\/eledi.robertocuomo.com\/wp-content\/uploads\/2025\/02\/articolo-loro-scaled-1.jpg\"><img decoding=\"async\" src=\"https:\/\/eledi.robertocuomo.com\/wp-content\/uploads\/2025\/02\/articolo-loro-scaled-1.jpg\" alt=\"\"><\/div><\/div>\t\t\t\t<\/div>\n\t\t\t\t<\/div>\n\t\t\t\t<div class=\"elementor-element elementor-element-43d7472 elementor-widget elementor-widget-wpr-post-title\" data-id=\"43d7472\" data-element_type=\"widget\" data-e-type=\"widget\" data-widget_type=\"wpr-post-title.default\">\n\t\t\t\t<div class=\"elementor-widget-container\">\n\t\t\t\t\t<h1 class=\"wpr-post-title\">Autumn Vibes: I Trend del 2025<\/h1>\t\t\t\t<\/div>\n\t\t\t\t<\/div>\n\t\t\t\t<div class=\"elementor-element elementor-element-253f63a5 elementor-widget elementor-widget-text-editor\" data-id=\"253f63a5\" data-element_type=\"widget\" data-e-type=\"widget\" data-widget_type=\"text-editor.default\">\n\t\t\t\t<div class=\"elementor-widget-container\">\n\t\t\t\t\t\t\t\t\t<p>Cosa prevedono le nuove tendenze\u00a0<strong><em>autunno-inverno 2024\/2025<\/em><\/strong>?<br \/>Colori caldi o freddi? Scopriamolo insieme in questo articolo!<br \/>L\u2019autunno \u00e8 arrivato, si sa, e con questa stagione arrivano anche tutte le novit\u00e0 in fatto di stile.<br \/>Le pi\u00f9 note passerelle ci mostrano cosa andr\u00e0 di moda, abbigliamento, make-up, nails art etc, ma noi vogliamo raccontarvi (e mostrarvi) quale sar\u00e0 il nuovo focus capelli! Pronti? Mettetevi comode e iniziate a prenotare il vostro appuntamento in salone!<br \/>Dalle tonalit\u00e0 calde del castano e del rame, sempre tanto amate e che tanto ci ricordano i colori autunnali, quest\u2019anno le nuove tendenze accontenteranno proprio tutte, anche coloro che amano i toni freddi!<\/p><p><strong>Il Balayage: un grande classico sempre amato<br \/><\/strong><img loading=\"lazy\" decoding=\"async\" class=\"wp-image-16248 alignleft\" src=\"https:\/\/eledi.robertocuomo.com\/wp-content\/uploads\/2024\/10\/555.jpg\" sizes=\"(max-width: 240px) 100vw, 240px\" srcset=\"https:\/\/eledi.robertocuomo.com\/wp-content\/uploads\/2024\/10\/555.jpg 1000w, https:\/\/eledi.robertocuomo.com\/wp-content\/uploads\/2024\/10\/555-14x12.jpg 14w, https:\/\/eledi.robertocuomo.com\/wp-content\/uploads\/2024\/10\/555-60x50.jpg 60w, https:\/\/eledi.robertocuomo.com\/wp-content\/uploads\/2024\/10\/555-110x92.jpg 110w\" alt=\"\" width=\"240\" height=\"201\" \/>Riflessi chiari e naturali, nuances morbide dall\u2019effetto omogeneo e duraturo. Nessuno stacco netto per questa tecnica da sempre molto apprezzata, soprattutto da chi preferisce non colorare totalmente la chioma. Che vada nel biondo o nel rame, il\u00a0<a href=\"https:\/\/www.lorealprofessionnel.it\/dubbi-sulla-colorazione\/what-is-balayage\" target=\"_blank\" rel=\"noopener\">Balayage<\/a>\u00a0\u00e8 certamente tra le tendenze<br \/>confermate nel 2024\/2025.<\/p><p><strong>Il morbido e luminoso biondo<br \/><\/strong><img loading=\"lazy\" decoding=\"async\" class=\"wp-image-16249 alignright\" src=\"https:\/\/eledi.robertocuomo.com\/wp-content\/uploads\/2024\/10\/333.jpg\" sizes=\"(max-width: 181px) 100vw, 181px\" srcset=\"https:\/\/eledi.robertocuomo.com\/wp-content\/uploads\/2024\/10\/333.jpg 1000w, https:\/\/eledi.robertocuomo.com\/wp-content\/uploads\/2024\/10\/333-864x1536.jpg 864w, https:\/\/eledi.robertocuomo.com\/wp-content\/uploads\/2024\/10\/333-7x12.jpg 7w, https:\/\/eledi.robertocuomo.com\/wp-content\/uploads\/2024\/10\/333-60x107.jpg 60w, https:\/\/eledi.robertocuomo.com\/wp-content\/uploads\/2024\/10\/333-110x196.jpg 110w\" alt=\"\" width=\"181\" height=\"322\" \/>Un biondo sofisticato, elegante e che esalta ogni lunghezza. Uno stile perfetto per chi ama queste\u00a0tendenze anche in autunno e non vuole rinunciare alla luce e alla luminosit\u00e0 nei propri look.<br \/>Stupendo con una chioma lunga ma meraviglioso anche su un taglio corto e stiloso.<\/p><p><strong>Il biondo freddo che amiamo<br \/><\/strong>Delicato, anche questo colore molto elegante e perfetto per chi ama tonalit\u00e0 fredde ben lontane dalle classiche nuances calde autunnali. Da provare con un bob mosso, il risultato sar\u00e0 spettacolare.<img loading=\"lazy\" decoding=\"async\" class=\"wp-image-16250 alignleft\" src=\"https:\/\/eledi.robertocuomo.com\/wp-content\/uploads\/2024\/10\/2.jpg\" sizes=\"(max-width: 242px) 100vw, 242px\" srcset=\"https:\/\/eledi.robertocuomo.com\/wp-content\/uploads\/2024\/10\/2.jpg 1193w, https:\/\/eledi.robertocuomo.com\/wp-content\/uploads\/2024\/10\/2-14x12.jpg 14w, https:\/\/eledi.robertocuomo.com\/wp-content\/uploads\/2024\/10\/2-60x50.jpg 60w, https:\/\/eledi.robertocuomo.com\/wp-content\/uploads\/2024\/10\/2-110x92.jpg 110w\" alt=\"\" width=\"242\" height=\"203\" \/><\/p><p><strong>Le sfumature del castano e della terra<br \/><\/strong>L\u2019autunno richiama certamente questi colori, nel nostro abbigliamento, nei nostri accessori e\u2026nelle nostre chiome!<br \/>Colori caldi, della terra, castani di ogni tipo, dai pi\u00f9 chiari ai pi\u00f9 scuri. Colori pieni, uniformi e luminosi. Questa \u00e8 sicuramente una delle tendenze \u201csempreverdi\u201d che si riconferma anche quest\u2019anno!<\/p><p><strong>Il lato dark che piace a tante<br \/><\/strong><img loading=\"lazy\" decoding=\"async\" class=\"wp-image-16251 alignright\" src=\"https:\/\/eledi.robertocuomo.com\/wp-content\/uploads\/2024\/10\/44.jpg\" sizes=\"(max-width: 210px) 100vw, 210px\" srcset=\"https:\/\/eledi.robertocuomo.com\/wp-content\/uploads\/2024\/10\/44.jpg 1193w, https:\/\/eledi.robertocuomo.com\/wp-content\/uploads\/2024\/10\/44-14x12.jpg 14w, https:\/\/eledi.robertocuomo.com\/wp-content\/uploads\/2024\/10\/44-60x50.jpg 60w, https:\/\/eledi.robertocuomo.com\/wp-content\/uploads\/2024\/10\/44-110x92.jpg 110w\" alt=\"\" width=\"210\" height=\"176\" \/>Nero, viola, blu\u2026sfumature o colori pieni. Quest\u2019anno la tendenza arriva anche con queste nuances. Look strong e decisi per gli animi che amano giocare con il proprio stile.<br \/>Perfetti per gli incarnati freddi, per lineamenti eleganti e per uno stile luxury e femminile!<\/p><p><strong>Il rame che domina l\u2019autunno<br \/><\/strong><img loading=\"lazy\" decoding=\"async\" class=\"wp-image-16252 alignleft\" src=\"https:\/\/eledi.robertocuomo.com\/wp-content\/uploads\/2024\/10\/332.jpg\" sizes=\"(max-width: 220px) 100vw, 220px\" srcset=\"https:\/\/eledi.robertocuomo.com\/wp-content\/uploads\/2024\/10\/332.jpg 1000w, https:\/\/eledi.robertocuomo.com\/wp-content\/uploads\/2024\/10\/332-864x1536.jpg 864w, https:\/\/eledi.robertocuomo.com\/wp-content\/uploads\/2024\/10\/332-7x12.jpg 7w, https:\/\/eledi.robertocuomo.com\/wp-content\/uploads\/2024\/10\/332-60x107.jpg 60w, https:\/\/eledi.robertocuomo.com\/wp-content\/uploads\/2024\/10\/332-110x196.jpg 110w\" alt=\"\" width=\"220\" height=\"391\" \/>Al rame in autunno non rinunciamo, e voi? Bello in ogni stagione ma sicuramente in questo<br \/>periodo la fa da padrone- Che si tratti di un taglio corto o lungo, liscio o mosso, le tonalit\u00e0<br \/>\u201cpumpkin\u201d sono sempre al top!<\/p><p>E voi, quale colore sceglierete per il vostro look autunnale ?<\/p>\t\t\t\t\t\t\t\t<\/div>\n\t\t\t\t<\/div>\n\t\t\t\t<\/div>\n\t\t<div class=\"elementor-element elementor-element-10fe977 e-con-full e-flex ecomus-responsive-column ecomus-tablet-column--default ecomus-responsive-column ecomus-mobile-column--default ecomus-responsive-column ecomus-motion--var(--position) wpr-particle-no wpr-jarallax-no wpr-parallax-no e-con e-child\" data-id=\"10fe977\" data-element_type=\"container\" data-e-type=\"container\" data-settings=\"{&quot;background_background&quot;:&quot;classic&quot;}\">\n\t\t<div class=\"elementor-element elementor-element-d32f165 e-con-full ecomus-responsive-column ecomus-motion--sticky e-flex ecomus-responsive-column ecomus-tablet-column--default ecomus-responsive-column ecomus-mobile-column--default wpr-particle-no wpr-jarallax-no wpr-parallax-no e-con e-child\" data-id=\"d32f165\" data-element_type=\"container\" data-e-type=\"container\" data-settings=\"{&quot;background_background&quot;:&quot;classic&quot;}\">\n\t\t\t\t<div class=\"elementor-element elementor-element-6671fe3 elementor-widget elementor-widget-heading\" data-id=\"6671fe3\" data-element_type=\"widget\" data-e-type=\"widget\" data-widget_type=\"heading.default\">\n\t\t\t\t<div class=\"elementor-widget-container\">\n\t\t\t\t\t<h2 class=\"elementor-heading-title elementor-size-default\">Articoli Recenti<\/h2>\t\t\t\t<\/div>\n\t\t\t\t<\/div>\n\t\t\t\t<div class=\"elementor-element elementor-element-59ffa4a elementor-hidden-mobile elementor-widget-divider--view-line elementor-widget elementor-widget-divider\" data-id=\"59ffa4a\" data-element_type=\"widget\" data-e-type=\"widget\" data-widget_type=\"divider.default\">\n\t\t\t\t<div class=\"elementor-widget-container\">\n\t\t\t\t\t\t\t<div class=\"elementor-divider\">\n\t\t\t<span class=\"elementor-divider-separator\">\n\t\t\t\t\t\t<\/span>\n\t\t<\/div>\n\t\t\t\t\t\t<\/div>\n\t\t\t\t<\/div>\n\t\t\t\t<div class=\"elementor-element elementor-element-dfb92bb wpr-grid-columns-1 wpr-grid-columns--tablet1 elementor-hidden-mobile wpr-grid-columns--mobile1 wpr-item-styles-inner elementor-widget elementor-widget-wpr-grid\" data-id=\"dfb92bb\" data-element_type=\"widget\" data-e-type=\"widget\" data-widget_type=\"wpr-grid.default\">\n\t\t\t\t<div class=\"elementor-widget-container\">\n\t\t\t\t\t<ul class=\"wpr-grid-filters elementor-clearfix wpr-grid-filters-sep-right\"><li class=\" wpr-pointer-none wpr-pointer-line-fx wpr-pointer-fx-fade\"><span  data-filter=\"*\" class=\"wpr-grid-filters-item wpr-active-filter \"><i class=\" wpr-grid-filters-icon-left\"><\/i>All Posts<\/span><em class=\"wpr-grid-filters-sep\"><\/em><\/li><li class=\" wpr-pointer-none wpr-pointer-line-fx wpr-pointer-fx-fade\"><span   data-ajax-filter=[\"category\",\"cura-dei-capelli\"]  data-filter=\".category-cura-dei-capelli\"><i class=\" wpr-grid-filters-icon-left\"><\/i>Cura dei Capelli<\/span><em class=\"wpr-grid-filters-sep\"><\/em><\/li><li class=\" wpr-pointer-none wpr-pointer-line-fx wpr-pointer-fx-fade\"><span   data-ajax-filter=[\"category\",\"cura-del-viso\"]  data-filter=\".category-cura-del-viso\"><i class=\" wpr-grid-filters-icon-left\"><\/i>Cura del Viso<\/span><em class=\"wpr-grid-filters-sep\"><\/em><\/li><li class=\" wpr-pointer-none wpr-pointer-line-fx wpr-pointer-fx-fade\"><span   data-ajax-filter=[\"category\",\"innovazione\"]  data-filter=\".category-innovazione\"><i class=\" wpr-grid-filters-icon-left\"><\/i>Innovazione<\/span><em class=\"wpr-grid-filters-sep\"><\/em><\/li><li class=\" wpr-pointer-none wpr-pointer-line-fx wpr-pointer-fx-fade\"><span   data-ajax-filter=[\"category\",\"made-in-italy\"]  data-filter=\".category-made-in-italy\"><i class=\" wpr-grid-filters-icon-left\"><\/i>Made In Italy<\/span><em class=\"wpr-grid-filters-sep\"><\/em><\/li><li class=\" wpr-pointer-none wpr-pointer-line-fx wpr-pointer-fx-fade\"><span   data-ajax-filter=[\"category\",\"news\"]  data-filter=\".category-news\"><i class=\" wpr-grid-filters-icon-left\"><\/i>News<\/span><em class=\"wpr-grid-filters-sep\"><\/em><\/li><li class=\" wpr-pointer-none wpr-pointer-line-fx wpr-pointer-fx-fade\"><span   data-ajax-filter=[\"category\",\"styling\"]  data-filter=\".category-styling\"><i class=\" wpr-grid-filters-icon-left\"><\/i>Styling<\/span><em class=\"wpr-grid-filters-sep\"><\/em><\/li><li class=\" wpr-pointer-none wpr-pointer-line-fx wpr-pointer-fx-fade\"><span   data-ajax-filter=[\"category\",\"tendenza\"]  data-filter=\".category-tendenza\"><i class=\" wpr-grid-filters-icon-left\"><\/i>Tendenza<\/span><em class=\"wpr-grid-filters-sep\"><\/em><\/li><\/ul><section class=\"wpr-grid elementor-clearfix\" data-settings=\"{&quot;layout&quot;:&quot;list&quot;,&quot;stick_last_element_to_bottom&quot;:&quot;no&quot;,&quot;columns_desktop&quot;:&quot;1&quot;,&quot;gutter_hr&quot;:30,&quot;gutter_hr_mobile&quot;:30,&quot;gutter_hr_mobile_extra&quot;:30,&quot;gutter_hr_tablet&quot;:30,&quot;gutter_hr_tablet_extra&quot;:30,&quot;gutter_hr_laptop&quot;:30,&quot;gutter_hr_widescreen&quot;:30,&quot;gutter_vr&quot;:30,&quot;gutter_vr_mobile&quot;:30,&quot;gutter_vr_mobile_extra&quot;:30,&quot;gutter_vr_tablet&quot;:30,&quot;gutter_vr_tablet_extra&quot;:30,&quot;gutter_vr_laptop&quot;:30,&quot;gutter_vr_widescreen&quot;:30,&quot;animation&quot;:&quot;default&quot;,&quot;animation_duration&quot;:0.3,&quot;animation_delay&quot;:0.1,&quot;deeplinking&quot;:&quot;no&quot;,&quot;filters_linkable&quot;:&quot;no&quot;,&quot;filters_default_filter&quot;:&quot;&quot;,&quot;filters_count&quot;:&quot;no&quot;,&quot;filters_hide_empty&quot;:&quot;no&quot;,&quot;filters_animation&quot;:&quot;default&quot;,&quot;filters_animation_duration&quot;:0.3,&quot;filters_animation_delay&quot;:0.1,&quot;pagination_type&quot;:&quot;load-more&quot;,&quot;pagination_max_pages&quot;:1,&quot;media_align&quot;:&quot;left&quot;,&quot;media_width&quot;:30,&quot;media_distance&quot;:12,&quot;lightbox&quot;:{&quot;selector&quot;:&quot;.wpr-grid-image-wrap&quot;,&quot;iframeMaxWidth&quot;:&quot;60%&quot;,&quot;hash&quot;:false,&quot;autoplay&quot;:&quot;true&quot;,&quot;pause&quot;:5000,&quot;progressBar&quot;:&quot;true&quot;,&quot;counter&quot;:&quot;true&quot;,&quot;controls&quot;:&quot;true&quot;,&quot;getCaptionFromTitleOrAlt&quot;:&quot;true&quot;,&quot;thumbnail&quot;:&quot;true&quot;,&quot;showThumbByDefault&quot;:&quot;true&quot;,&quot;share&quot;:&quot;true&quot;,&quot;zoom&quot;:&quot;true&quot;,&quot;fullScreen&quot;:&quot;true&quot;,&quot;download&quot;:&quot;true&quot;}}\"><article class=\"wpr-grid-item elementor-clearfix post-43613 post type-post status-publish format-standard has-post-thumbnail hentry category-cura-dei-capelli category-cura-del-viso category-innovazione category-made-in-italy category-news category-styling category-tendenza tag-tendenza\"><div class=\"wpr-grid-item-inner\"><div class=\"wpr-grid-media-wrap wpr-effect-size-medium \" data-overlay-link=\"yes\"><div class=\"wpr-grid-image-wrap\" data-src=\"https:\/\/eledi.robertocuomo.com\/wp-content\/uploads\/elementor\/thumbs\/articolo4-kapera-scaled-1-rir57v8y7oys9170mkw8lo3z9cztfxc2vp1ylurwcs.jpg\" data-img-on-hover=\"\"  data-src-secondary=\"\"><img decoding=\"async\" data-no-lazy=\"1\" src=\"https:\/\/eledi.robertocuomo.com\/wp-content\/uploads\/elementor\/thumbs\/articolo4-kapera-scaled-1-rir57v8y7oys9170mkw8lo3z9cztfxc2vp1ylurwcs.jpg\" alt=\"Capelli Perfetti e Pronti per la Giornata: La Routine Lovely per la frenesia quotidiana\" class=\"wpr-anim-timing-ease-default\"><\/div><div class=\"wpr-grid-media-hover wpr-animation-wrap\"><div class=\"wpr-grid-media-hover-bg  wpr-overlay-fade-in wpr-anim-size-large wpr-anim-timing-ease-default wpr-anim-transparency\" data-url=\"https:\/\/eledi.robertocuomo.com\/?p=43613\"><\/div><\/div><\/div><div class=\"wpr-grid-item-below-content elementor-clearfix\"><h2 class=\"wpr-grid-item-title elementor-repeater-item-c10ba68 wpr-grid-item-display-block wpr-grid-item-align-left wpr-pointer-none wpr-pointer-line-fx wpr-pointer-fx-slide\"><div class=\"inner-block\"><a target=\"_self\"  href=\"https:\/\/eledi.robertocuomo.com\/?p=43613\">Capelli Perfetti e Pronti per la Giornata: La Routine Lovely&hellip;<\/a><\/div><\/h2><div class=\"wpr-grid-item-date elementor-repeater-item-28b4ad5 wpr-grid-item-display-inline wpr-grid-item-align-left\"><div class=\"inner-block\"><span>10 Febbraio 2026<\/span><\/div><\/div><\/div><\/div><\/article><article class=\"wpr-grid-item elementor-clearfix post-43609 post type-post status-publish format-standard has-post-thumbnail hentry category-cura-dei-capelli category-cura-del-viso category-innovazione category-made-in-italy category-news category-styling category-tendenza tag-tendenza\"><div class=\"wpr-grid-item-inner\"><div class=\"wpr-grid-media-wrap wpr-effect-size-medium \" data-overlay-link=\"yes\"><div class=\"wpr-grid-image-wrap\" data-src=\"https:\/\/eledi.robertocuomo.com\/wp-content\/uploads\/elementor\/thumbs\/articolo-loro-scaled-1-rir5295neba4wvckenjg7l3vjinwh01sfwskfd3jik.jpg\" data-img-on-hover=\"\"  data-src-secondary=\"\"><img decoding=\"async\" data-no-lazy=\"1\" src=\"https:\/\/eledi.robertocuomo.com\/wp-content\/uploads\/elementor\/thumbs\/articolo-loro-scaled-1-rir5295neba4wvckenjg7l3vjinwh01sfwskfd3jik.jpg\" alt=\"Autumn Vibes: I Trend del 2025\" class=\"wpr-anim-timing-ease-default\"><\/div><div class=\"wpr-grid-media-hover wpr-animation-wrap\"><div class=\"wpr-grid-media-hover-bg  wpr-overlay-fade-in wpr-anim-size-large wpr-anim-timing-ease-default wpr-anim-transparency\" data-url=\"https:\/\/eledi.robertocuomo.com\/?p=43609\"><\/div><\/div><\/div><div class=\"wpr-grid-item-below-content elementor-clearfix\"><h2 class=\"wpr-grid-item-title elementor-repeater-item-c10ba68 wpr-grid-item-display-block wpr-grid-item-align-left wpr-pointer-none wpr-pointer-line-fx wpr-pointer-fx-slide\"><div class=\"inner-block\"><a target=\"_self\"  href=\"https:\/\/eledi.robertocuomo.com\/?p=43609\">Autumn Vibes: I Trend del 2025<\/a><\/div><\/h2><div class=\"wpr-grid-item-date elementor-repeater-item-28b4ad5 wpr-grid-item-display-inline wpr-grid-item-align-left\"><div class=\"inner-block\"><span>10 Febbraio 2026<\/span><\/div><\/div><\/div><\/div><\/article><article class=\"wpr-grid-item elementor-clearfix post-43605 post type-post status-publish format-standard has-post-thumbnail hentry category-cura-dei-capelli category-cura-del-viso category-innovazione category-made-in-italy category-news category-styling category-tendenza tag-tendenza\"><div class=\"wpr-grid-item-inner\"><div class=\"wpr-grid-media-wrap wpr-effect-size-medium \" data-overlay-link=\"yes\"><div class=\"wpr-grid-image-wrap\" data-src=\"https:\/\/eledi.robertocuomo.com\/wp-content\/uploads\/elementor\/thumbs\/Caduta-dei-capelli-in-autunno-rir4vp85qwb5yqv9obk3bqn6fsyrsz15vh1oywtcwc.jpg\" data-img-on-hover=\"\"  data-src-secondary=\"\"><img decoding=\"async\" data-no-lazy=\"1\" src=\"https:\/\/eledi.robertocuomo.com\/wp-content\/uploads\/elementor\/thumbs\/Caduta-dei-capelli-in-autunno-rir4vp85qwb5yqv9obk3bqn6fsyrsz15vh1oywtcwc.jpg\" alt=\"La Caduta dei Capelli in Autunno: Cause e Soluzioni con Prodotti Kapera\" class=\"wpr-anim-timing-ease-default\"><\/div><div class=\"wpr-grid-media-hover wpr-animation-wrap\"><div class=\"wpr-grid-media-hover-bg  wpr-overlay-fade-in wpr-anim-size-large wpr-anim-timing-ease-default wpr-anim-transparency\" data-url=\"https:\/\/eledi.robertocuomo.com\/?p=43605\"><\/div><\/div><\/div><div class=\"wpr-grid-item-below-content elementor-clearfix\"><h2 class=\"wpr-grid-item-title elementor-repeater-item-c10ba68 wpr-grid-item-display-block wpr-grid-item-align-left wpr-pointer-none wpr-pointer-line-fx wpr-pointer-fx-slide\"><div class=\"inner-block\"><a target=\"_self\"  href=\"https:\/\/eledi.robertocuomo.com\/?p=43605\">La Caduta dei Capelli in Autunno: Cause e Soluzioni con&hellip;<\/a><\/div><\/h2><div class=\"wpr-grid-item-date elementor-repeater-item-28b4ad5 wpr-grid-item-display-inline wpr-grid-item-align-left\"><div class=\"inner-block\"><span>10 Febbraio 2026<\/span><\/div><\/div><\/div><\/div><\/article><article class=\"wpr-grid-item elementor-clearfix post-36377 post type-post status-publish format-standard has-post-thumbnail hentry category-cura-dei-capelli category-cura-del-viso category-innovazione category-made-in-italy category-news category-styling category-tendenza tag-tendenza\"><div class=\"wpr-grid-item-inner\"><div class=\"wpr-grid-media-wrap wpr-effect-size-medium \" data-overlay-link=\"yes\"><div class=\"wpr-grid-image-wrap\" data-src=\"https:\/\/eledi.robertocuomo.com\/wp-content\/uploads\/elementor\/thumbs\/VIN0443-1-riog548ydmx0dniiigeco22t986808f4qaf5b2h4ek.jpg\" data-img-on-hover=\"\"  data-src-secondary=\"\"><img decoding=\"async\" data-no-lazy=\"1\" src=\"https:\/\/eledi.robertocuomo.com\/wp-content\/uploads\/elementor\/thumbs\/VIN0443-1-riog548ydmx0dniiigeco22t986808f4qaf5b2h4ek.jpg\" alt=\"Come diventa glam via Brin. Dopo \u00abEccellenze\u00bb arriva \u00abKapera\u00bb\" class=\"wpr-anim-timing-ease-default\"><\/div><div class=\"wpr-grid-media-hover wpr-animation-wrap\"><div class=\"wpr-grid-media-hover-bg  wpr-overlay-fade-in wpr-anim-size-large wpr-anim-timing-ease-default wpr-anim-transparency\" data-url=\"https:\/\/eledi.robertocuomo.com\/?p=36377\"><\/div><\/div><\/div><div class=\"wpr-grid-item-below-content elementor-clearfix\"><h2 class=\"wpr-grid-item-title elementor-repeater-item-c10ba68 wpr-grid-item-display-block wpr-grid-item-align-left wpr-pointer-none wpr-pointer-line-fx wpr-pointer-fx-slide\"><div class=\"inner-block\"><a target=\"_self\"  href=\"https:\/\/eledi.robertocuomo.com\/?p=36377\">Come diventa glam via Brin. Dopo \u00abEccellenze\u00bb arriva \u00abKapera\u00bb<\/a><\/div><\/h2><div class=\"wpr-grid-item-date elementor-repeater-item-28b4ad5 wpr-grid-item-display-inline wpr-grid-item-align-left\"><div class=\"inner-block\"><span>30 Marzo 2025<\/span><\/div><\/div><\/div><\/div><\/article><\/section>\t\t\t\t<\/div>\n\t\t\t\t<\/div>\n\t\t\t\t<div class=\"elementor-element elementor-element-339d5c9 elementor-hidden-desktop elementor-hidden-tablet elementor-widget elementor-widget-ucaddon_swipe_css_carousel\" data-id=\"339d5c9\" data-element_type=\"widget\" data-e-type=\"widget\" data-widget_type=\"ucaddon_swipe_css_carousel.default\">\n\t\t\t\t<div class=\"elementor-widget-container\">\n\t\t\t\t\t\n<!-- start Swipe Carousel -->\n<style>\/* widget: Swipe Carousel *\/\n\n#uc_swipe_css_carousel_elementor_339d5c9,\n#uc_swipe_css_carousel_elementor_339d5c9 .uc-items-wrapper{\n    padding: 0px;\n    display: flex;\n    overflow: scroll;\n  \twidth: 100%;\n  \t}\n\n#uc_swipe_css_carousel_elementor_339d5c9 .galleryItem {\n    background-position:center;\n    flex-shrink: 0;\n    position:relative;\n    background-repeat:no-repeat;\n  \tdisplay: flex;\n  \t}\n\n#uc_swipe_css_carousel_elementor_339d5c9 .swipe_css_carousel-content{\n\tposition: absolute;\n  \tleft: 0;\n}\n\n#uc_swipe_css_carousel_elementor_339d5c9::-webkit-scrollbar,\n#uc_swipe_css_carousel_elementor_339d5c9 .uc-items-wrapper::-webkit-scrollbar {\n  width: 0px !important;\n  height: 0px !important;\n  background-color: rgba(0, 0, 0, 0);\n}\n\n#uc_swipe_css_carousel_elementor_339d5c9::-webkit-scrollbar-thumb,\n#uc_swipe_css_carousel_elementor_339d5c9 .uc-items-wrapper::-webkit-scrollbar-thumb {\n  background-color: rgba(0, 0, 0, 0);\n}\n\n#uc_swipe_css_carousel_elementor_339d5c9::-webkit-scrollbar-track,\n#uc_swipe_css_carousel_elementor_339d5c9 .uc-items-wrapper::-webkit-scrollbar-track {\n  background-color: rgba(255, 255, 255, 0.0);\n}\n\n#uc_swipe_css_carousel_elementor_339d5c9 .galleryItemLink{\n  display:block;\n  position:absolute;\n  top:0;\n  bottom:0;\n  left:0;\n  right:0;\n}\n\n\n#uc_swipe_css_carousel_elementor_339d5c9 .swipe_css_carousel-content-titles{\n  display: flex;\n}\n#uc_swipe_css_carousel_elementor_339d5c9_item1{\n\tbackground-image: url(https:\/\/eledi.robertocuomo.com\/wp-content\/uploads\/2025\/01\/44-1.jpg);\n}\n\n#uc_swipe_css_carousel_elementor_339d5c9_item2{\n\tbackground-image: url(https:\/\/eledi.robertocuomo.com\/wp-content\/uploads\/2025\/01\/articolo4-kapera-scaled-1.jpg);\n}\n\n#uc_swipe_css_carousel_elementor_339d5c9_item3{\n\tbackground-image: url(https:\/\/eledi.robertocuomo.com\/wp-content\/uploads\/2025\/02\/articolo-loro-scaled-1.jpg);\n}\n\n#uc_swipe_css_carousel_elementor_339d5c9_item4{\n\tbackground-image: url(https:\/\/eledi.robertocuomo.com\/wp-content\/uploads\/2025\/03\/Caduta-dei-capelli-in-autunno.jpg);\n}\n\n#uc_swipe_css_carousel_elementor_339d5c9_item5{\n\tbackground-image: url(https:\/\/eledi.robertocuomo.com\/wp-content\/uploads\/2026\/02\/VIN0443-1.jpg);\n}\n\n\n\n<\/style>\n\n<div id=\"uc_swipe_css_carousel_elementor_339d5c9\" class=\"swipe_css_carousel \"  data-show-title=\"true\" data-show-text=\"false\" data-justified-widths=\"false\">\n   <div style=\"height:10px;flex-shrink: 0;\" class=\"startGap\"><\/div>\n   <div class=\"uc-items-wrapper\">\n<div id=\"uc_swipe_css_carousel_elementor_339d5c9_item1\" class=\"galleryItem\">\n\n  \n      <a class=\"galleryItemLink\" href=\"https:\/\/eledi.robertocuomo.com\/?p=43617\"  aria-label=\"gallery item link\"><\/a>\n\n  \n  <div class=\"swipe_css_carousel-content\">\n\n          <a class=\"galleryItemLink\" href=\"https:\/\/eledi.robertocuomo.com\/?p=43617\"  aria-label=\"gallery item link\"><\/a>\n\n    \n    <div class=\"swipe_css_carousel-content-titles\">\n\n                        <a href=\"https:\/\/eledi.robertocuomo.com\/?p=43617\" >\n                    <div class=\"swipe_css_carousel-title\">La tua hair routine per capelli difficili da gestire<\/div>\n                  <\/a>\n              \n            \n            \n    <\/div>\n\n    \n  <\/div>\n\n<\/div>\n\n<div id=\"uc_swipe_css_carousel_elementor_339d5c9_item2\" class=\"galleryItem\">\n\n  \n      <a class=\"galleryItemLink\" href=\"https:\/\/eledi.robertocuomo.com\/?p=43613\"  aria-label=\"gallery item link\"><\/a>\n\n  \n  <div class=\"swipe_css_carousel-content\">\n\n          <a class=\"galleryItemLink\" href=\"https:\/\/eledi.robertocuomo.com\/?p=43613\"  aria-label=\"gallery item link\"><\/a>\n\n    \n    <div class=\"swipe_css_carousel-content-titles\">\n\n                        <a href=\"https:\/\/eledi.robertocuomo.com\/?p=43613\" >\n                    <div class=\"swipe_css_carousel-title\">Capelli Perfetti e Pronti per la Giornata: La Routine Lovely per la frenesia quotidiana<\/div>\n                  <\/a>\n              \n            \n            \n    <\/div>\n\n    \n  <\/div>\n\n<\/div>\n\n<div id=\"uc_swipe_css_carousel_elementor_339d5c9_item3\" class=\"galleryItem\">\n\n  \n      <a class=\"galleryItemLink\" href=\"https:\/\/eledi.robertocuomo.com\/?p=43609\"  aria-label=\"gallery item link\"><\/a>\n\n  \n  <div class=\"swipe_css_carousel-content\">\n\n          <a class=\"galleryItemLink\" href=\"https:\/\/eledi.robertocuomo.com\/?p=43609\"  aria-label=\"gallery item link\"><\/a>\n\n    \n    <div class=\"swipe_css_carousel-content-titles\">\n\n                        <a href=\"https:\/\/eledi.robertocuomo.com\/?p=43609\" >\n                    <div class=\"swipe_css_carousel-title\">Autumn Vibes: I Trend del 2025<\/div>\n                  <\/a>\n              \n            \n            \n    <\/div>\n\n    \n  <\/div>\n\n<\/div>\n\n<div id=\"uc_swipe_css_carousel_elementor_339d5c9_item4\" class=\"galleryItem\">\n\n  \n      <a class=\"galleryItemLink\" href=\"https:\/\/eledi.robertocuomo.com\/?p=43605\"  aria-label=\"gallery item link\"><\/a>\n\n  \n  <div class=\"swipe_css_carousel-content\">\n\n          <a class=\"galleryItemLink\" href=\"https:\/\/eledi.robertocuomo.com\/?p=43605\"  aria-label=\"gallery item link\"><\/a>\n\n    \n    <div class=\"swipe_css_carousel-content-titles\">\n\n                        <a href=\"https:\/\/eledi.robertocuomo.com\/?p=43605\" >\n                    <div class=\"swipe_css_carousel-title\">La Caduta dei Capelli in Autunno: Cause e Soluzioni con Prodotti Kapera<\/div>\n                  <\/a>\n              \n            \n            \n    <\/div>\n\n    \n  <\/div>\n\n<\/div>\n\n<div id=\"uc_swipe_css_carousel_elementor_339d5c9_item5\" class=\"galleryItem\">\n\n  \n      <a class=\"galleryItemLink\" href=\"https:\/\/eledi.robertocuomo.com\/?p=36377\"  aria-label=\"gallery item link\"><\/a>\n\n  \n  <div class=\"swipe_css_carousel-content\">\n\n          <a class=\"galleryItemLink\" href=\"https:\/\/eledi.robertocuomo.com\/?p=36377\"  aria-label=\"gallery item link\"><\/a>\n\n    \n    <div class=\"swipe_css_carousel-content-titles\">\n\n                        <a href=\"https:\/\/eledi.robertocuomo.com\/?p=36377\" >\n                    <div class=\"swipe_css_carousel-title\">Come diventa glam via Brin. Dopo \u00abEccellenze\u00bb arriva \u00abKapera\u00bb<\/div>\n                  <\/a>\n              \n            \n            \n    <\/div>\n\n    \n  <\/div>\n\n<\/div>\n<\/div>\n   <div style=\"height:10px;flex-shrink: 0;\" class=\"endGap\"><\/div>\n<\/div>\n<!-- end Swipe Carousel -->\t\t\t\t<\/div>\n\t\t\t\t<\/div>\n\t\t\t\t<div class=\"elementor-element elementor-element-a32a366 elementor-widget elementor-widget-heading\" data-id=\"a32a366\" data-element_type=\"widget\" data-e-type=\"widget\" data-widget_type=\"heading.default\">\n\t\t\t\t<div class=\"elementor-widget-container\">\n\t\t\t\t\t<h2 class=\"elementor-heading-title elementor-size-default\">Categorie Articoli<\/h2>\t\t\t\t<\/div>\n\t\t\t\t<\/div>\n\t\t\t\t<div class=\"elementor-element elementor-element-1be2f6d wpr-taxonomy-list-vertical elementor-widget elementor-widget-wpr-taxonomy-list\" data-id=\"1be2f6d\" data-element_type=\"widget\" data-e-type=\"widget\" data-widget_type=\"wpr-taxonomy-list.default\">\n\t\t\t\t<div class=\"elementor-widget-container\">\n\t\t\t\t\t<ul class=\"wpr-taxonomy-list\" data-show-on-click=\"yes\"><li class=\"wpr-taxonomy\"data-term-id=\"3359\"><a target=\"_self\" href=\"https:\/\/eledi.robertocuomo.com\/?cat=3359\"><span class=\"wpr-tax-wrap\"> <span><\/span><span>Cura dei Capelli<\/span><\/span><\/a><\/li><li class=\"wpr-taxonomy\"data-term-id=\"18\"><a target=\"_self\" href=\"https:\/\/eledi.robertocuomo.com\/?cat=18\"><span class=\"wpr-tax-wrap\"> <span><\/span><span>Cura del Viso<\/span><\/span><\/a><\/li><li class=\"wpr-taxonomy\"data-term-id=\"3356\"><a target=\"_self\" href=\"https:\/\/eledi.robertocuomo.com\/?cat=3356\"><span class=\"wpr-tax-wrap\"> <span><\/span><span>Innovazione<\/span><\/span><\/a><\/li><li class=\"wpr-taxonomy\"data-term-id=\"21\"><a target=\"_self\" href=\"https:\/\/eledi.robertocuomo.com\/?cat=21\"><span class=\"wpr-tax-wrap\"> <span><\/span><span>Made In Italy<\/span><\/span><\/a><\/li><li class=\"wpr-taxonomy\"data-term-id=\"3357\"><a target=\"_self\" href=\"https:\/\/eledi.robertocuomo.com\/?cat=3357\"><span class=\"wpr-tax-wrap\"> <span><\/span><span>News<\/span><\/span><\/a><\/li><li class=\"wpr-taxonomy\"data-term-id=\"3298\"><a target=\"_self\" href=\"https:\/\/eledi.robertocuomo.com\/?cat=3298\"><span class=\"wpr-tax-wrap\"> <span><\/span><span>Styling<\/span><\/span><\/a><\/li><li class=\"wpr-taxonomy\"data-term-id=\"3299\"><a target=\"_self\" href=\"https:\/\/eledi.robertocuomo.com\/?cat=3299\"><span class=\"wpr-tax-wrap\"> <span><\/span><span>Tendenza<\/span><\/span><\/a><\/li><\/ul>\t\t\t\t<\/div>\n\t\t\t\t<\/div>\n\t\t\t\t<\/div>\n\t\t\t\t<\/div>\n\t\t\t\t<\/div>\n\t\t\t\t<\/div>\n\t\t","protected":false},"excerpt":{"rendered":"<p>Cosa prevedono le nuove tendenze autunno-inverno 2024\/2025?<br \/>\nColori caldi o freddi? Scopriamolo insieme in questo articolo!<br \/>\nL\u2019autunno \u00e8 arrivato, si sa, e con questa stagione arrivano anche tutte le novit\u00e0 in fatto di stile.<br \/>\nLe pi\u00f9 note passerelle ci mostrano cosa andr\u00e0 di moda, abbigliamento, make-up, nails art etc, ma noi vogliamo raccontarvi (e mostrarvi) quale sar\u00e0 il nuovo focus capelli! Pronti? Mettetevi comode e iniziate a prenotare il vostro appuntamento in salone!<\/p>\n","protected":false},"author":1,"featured_media":42976,"comment_status":"closed","ping_status":"closed","sticky":false,"template":"elementor_header_footer","format":"standard","meta":{"_joinchat":[],"footnotes":""},"categories":[3359,18,3356,21,3357,3298,3299],"tags":[3372],"class_list":["post-43609","post","type-post","status-publish","format-standard","has-post-thumbnail","hentry","category-cura-dei-capelli","category-cura-del-viso","category-innovazione","category-made-in-italy","category-news","category-styling","category-tendenza","tag-tendenza"],"jetpack_featured_media_url":"https:\/\/eledi.robertocuomo.com\/wp-content\/uploads\/2025\/02\/articolo-loro-scaled-1.jpg","acf":[],"_links":{"self":[{"href":"https:\/\/eledi.robertocuomo.com\/index.php?rest_route=\/wp\/v2\/posts\/43609","targetHints":{"allow":["GET"]}}],"collection":[{"href":"https:\/\/eledi.robertocuomo.com\/index.php?rest_route=\/wp\/v2\/posts"}],"about":[{"href":"https:\/\/eledi.robertocuomo.com\/index.php?rest_route=\/wp\/v2\/types\/post"}],"author":[{"embeddable":true,"href":"https:\/\/eledi.robertocuomo.com\/index.php?rest_route=\/wp\/v2\/users\/1"}],"replies":[{"embeddable":true,"href":"https:\/\/eledi.robertocuomo.com\/index.php?rest_route=%2Fwp%2Fv2%2Fcomments&post=43609"}],"version-history":[{"count":0,"href":"https:\/\/eledi.robertocuomo.com\/index.php?rest_route=\/wp\/v2\/posts\/43609\/revisions"}],"wp:featuredmedia":[{"embeddable":true,"href":"https:\/\/eledi.robertocuomo.com\/index.php?rest_route=\/wp\/v2\/media\/42976"}],"wp:attachment":[{"href":"https:\/\/eledi.robertocuomo.com\/index.php?rest_route=%2Fwp%2Fv2%2Fmedia&parent=43609"}],"wp:term":[{"taxonomy":"category","embeddable":true,"href":"https:\/\/eledi.robertocuomo.com\/index.php?rest_route=%2Fwp%2Fv2%2Fcategories&post=43609"},{"taxonomy":"post_tag","embeddable":true,"href":"https:\/\/eledi.robertocuomo.com\/index.php?rest_route=%2Fwp%2Fv2%2Ftags&post=43609"}],"curies":[{"name":"wp","href":"https:\/\/api.w.org\/{rel}","templated":true}]}}