{"id":36377,"date":"2025-03-30T14:31:06","date_gmt":"2025-03-30T12:31:06","guid":{"rendered":"https:\/\/fabrizion2.sg-host.com\/?p=36377"},"modified":"2026-02-10T09:36:02","modified_gmt":"2026-02-10T09:36:02","slug":"come-diventa-glam-via-brin-dopo-eccellenze-arriva-kapera","status":"publish","type":"post","link":"https:\/\/eledi.robertocuomo.com\/?p=36377","title":{"rendered":"Come diventa glam via Brin. Dopo \u00abEccellenze\u00bb arriva \u00abKapera\u00bb"},"content":{"rendered":"\t\t<div data-elementor-type=\"wp-post\" data-elementor-id=\"36377\" class=\"elementor elementor-36377\">\n\t\t\t\t<div class=\"elementor-element elementor-element-177e661 e-con-full e-flex ecomus-responsive-column ecomus-tablet-column--default ecomus-responsive-column ecomus-mobile-column--default ecomus-responsive-column ecomus-motion--var(--position) wpr-particle-no wpr-jarallax-no wpr-parallax-no wpr-sticky-section-no e-con e-parent\" data-id=\"177e661\" data-element_type=\"container\" data-e-type=\"container\">\n\t\t<div class=\"elementor-element elementor-element-6b778de e-con-full e-flex ecomus-responsive-column ecomus-tablet-column--default ecomus-responsive-column ecomus-mobile-column--default ecomus-responsive-column ecomus-motion--var(--position) wpr-particle-no wpr-jarallax-no wpr-parallax-no wpr-sticky-section-no e-con e-child\" data-id=\"6b778de\" data-element_type=\"container\" data-e-type=\"container\">\n\t\t\t\t<div class=\"elementor-element elementor-element-7729aff elementor-widget elementor-widget-wpr-post-media\" data-id=\"7729aff\" data-element_type=\"widget\" data-e-type=\"widget\" data-widget_type=\"wpr-post-media.default\">\n\t\t\t\t<div class=\"elementor-widget-container\">\n\t\t\t\t\t<div class=\"wpr-featured-media-wrap\" data-caption=\"standard\"><div class=\"wpr-featured-media-image\" data-src=\"https:\/\/eledi.robertocuomo.com\/wp-content\/uploads\/2026\/02\/VIN0443-1.jpg\"><img decoding=\"async\" src=\"https:\/\/eledi.robertocuomo.com\/wp-content\/uploads\/2026\/02\/VIN0443-1.jpg\" alt=\"\"><\/div><\/div>\t\t\t\t<\/div>\n\t\t\t\t<\/div>\n\t\t\t\t<div class=\"elementor-element elementor-element-43d7472 elementor-widget elementor-widget-wpr-post-title\" data-id=\"43d7472\" data-element_type=\"widget\" data-e-type=\"widget\" data-widget_type=\"wpr-post-title.default\">\n\t\t\t\t<div class=\"elementor-widget-container\">\n\t\t\t\t\t<h1 class=\"wpr-post-title\">Come diventa glam via Brin. Dopo \u00abEccellenze\u00bb arriva \u00abKapera\u00bb<\/h1>\t\t\t\t<\/div>\n\t\t\t\t<\/div>\n\t\t\t\t<div class=\"elementor-element elementor-element-253f63a5 elementor-widget elementor-widget-text-editor\" data-id=\"253f63a5\" data-element_type=\"widget\" data-e-type=\"widget\" data-widget_type=\"text-editor.default\">\n\t\t\t\t<div class=\"elementor-widget-container\">\n\t\t\t\t\t\t\t\t\t<p>Com\u2019\u00e8 glam via Brin! A una passo da\u00a0<a href=\"https:\/\/www.instagram.com\/eccellenze_campane\/\" target=\"_blank\" rel=\"noopener\"><em>Eccellenze Campania<\/em><\/a>, di fronte allo studentato dell\u2019Orientale, ha appena inaugurato\u00a0<a href=\"https:\/\/eledi.robertocuomo.com\/\"><em>Kapera<\/em><\/a>, un grande spazio su due livelli che un tempo avremmo definito, senza paura di risultare vintage, Salone di bellezza. Ma questa dizione si sgretola di fronte alla sorpresa che genera la nuova \u00abComunit\u00e0 emozionale\u00bb, nata come un fiore in un deserto in via di bonifica. La strada periferica, infatti, almeno nel lembo indicato col numero 69, fa pensare a quei processi di conversione di aree infertili in foreste. E la suggestione del verde \u00e8 anche reale perch\u00e9, al secondo piano di questo centro un po\u2019 tra Berlino e il Settecento napoletano con incursioni negli anni \u201850, s\u2019apre una sorta di serra con tanto di giardino pensile.\u00a0<\/p><p>\u00a0<\/p><p class=\"wp-block-heading\"><strong>C\u2019\u00e8 anche un\u2019accademia di formazione\u00a0<\/strong><\/p><p>Ma chi \u00e8 Kapera, e soprattutto cosa si \u00e8 messa in testa? Ce lo racconta Salvatore Somma,\u00a0<em>born<\/em>\u00a0in Pompei, che alla\u00a0<em>prevue<\/em>\u00a0ha accolto anche un estasiato sindaco de Magistris. \u00abDa oltre vent\u2019anni siamo rappresentanti di prodotti cosmetici per capelli. Poi la ditta per la quale lavoravamo \u00e8 stata assorbita da una multinazionale e noi ci siamo chiesti: perch\u00e9 non creare qualcosa di nostro, imprenditorialmente e identitariamente? Cos\u00ec abbiamo trovato dei soci (per il Centro estetico Ezia Vitale, per i coiffeur e Enzo Paparone e altri\u00a0<em>ndr<\/em>), disegnato un progetto importante e aperto la prima sede\u00bb. Prima? Perch\u00e9 quante ne prevedete? \u00abCentouno. La prossima sar\u00e0 Milano. Poi una decina in varie citt\u00e0 italiane, le altre nel mondo\u00bb. Qual \u00e8 l\u2019idea imprenditoriale? \u00abUn\u2019attivit\u00e0 polifunzionale, haircare &amp; beauty, un\u2019<a href=\"https:\/\/eledi.robertocuomo.com\/chi-siamo\/\">accademia di formazione<\/a>, affiancamento ai parrucchieri nei diversi aspetti dell\u2019attivit\u00e0 e una linea di abbigliamento\u00bb.\u00a0<\/p><p>\u00a0<\/p><p class=\"wp-block-heading\"><strong>Il recupero di \u00abWe\u00bb, le decorazioni di Cilento<\/strong><\/p><p>La bellezza t\u2019accoglie sin dall\u2019ingresso: una quinta in legno, quasi una scenografia settecentesca che l\u2019artista <a href=\"https:\/\/www.facebook.com\/iole.cilento\/\" target=\"_blank\" rel=\"noopener\">Iole Cilento<\/a> ha trasformato in una citazione da Tiepolo. L\u2019hanno chiamata per le decorazioni gli architetti dello studio We (l\u2019inglese\u00a0<em>noi<\/em>\u00a0ma anche il napoletano\u00a0<em>U\u00e8<\/em>) Janne Ballone, Fabio Oranges ed Antonella Vitale. \u00abL\u2019allestimento \u2013 raccontano \u2013 nasce dal concetto del \u201criuso\u201d, in continuit\u00e0 col complesso Brin, vecchia fabbrica riletta nella contemporaneit\u00e0\u00bb.\u00a0<\/p><p>\u00a0<\/p><p class=\"wp-block-heading\"><strong>Pavimento industriale e gocce di cristallo<\/strong><\/p><p class=\"wp-block-heading\">Si cammina sul pavimento industriale sotto vecchie travi in ferro, ma il glam spunta qua e l\u00e0 da lampadari con gocce di cristallo e finiture in oro. D\u2019impatto teatrale, come avrebbe potuto pensarli Emma Dante, le postazioni per il lavaggio, uno shampoo che s\u2019immagina veramente \u201cemozionale\u201d. Vecchie ante sono diventate fondali per gli specchi. \u00abLe abbiamo recuperate a Lucca \u2013 racconta Ballone \u2013 e poi trattate singolarmente\u00bb. Sono, infatti, tutte diverse. Qualcuna ha, per\u00f2, pi\u00f9 appeal perch\u00e9 \u00e8 dotata di sedia d\u2019epoca, filologicamente compatibile.\u00a0<\/p><p>\u00a0<\/p><p class=\"wp-block-heading\"><strong>Diventare belli con valori umani condivisi<\/strong><\/p><p>La brochure \u00e8 un capolavoro, ci si rilassa alla sola lettura: \u00abProdotti e servizi dai valori umani condivisi (integrit\u00e0, cooperazione, civilt\u00e0, ecosostenibilit\u00e0, ascolto, onest\u00e0), generatori di emozioni nel loro consumo, tali da creare una comunit\u00e0 virtuale, libera e indipendente\u00bb.\u00a0<\/p><p>\u00a0<\/p><p class=\"wp-block-heading\"><strong>Segreti svelati a colpi di spazzola<\/strong><\/p><p>A Napoli, in via Brin. Infine la storia della capera \u2013 in napoletano parrucchiera, una figura fondante della comunit\u00e0 dei vicoli \u2013 che svela a colpi di spazzola i segreti custoditi nei \u00abtuppi\u00bb.<\/p>\t\t\t\t\t\t\t\t<\/div>\n\t\t\t\t<\/div>\n\t\t\t\t<\/div>\n\t\t<div class=\"elementor-element elementor-element-10fe977 e-con-full e-flex ecomus-responsive-column ecomus-tablet-column--default ecomus-responsive-column ecomus-mobile-column--default ecomus-responsive-column ecomus-motion--var(--position) wpr-particle-no wpr-jarallax-no wpr-parallax-no e-con e-child\" data-id=\"10fe977\" data-element_type=\"container\" data-e-type=\"container\" data-settings=\"{&quot;background_background&quot;:&quot;classic&quot;}\">\n\t\t<div class=\"elementor-element elementor-element-d32f165 e-con-full ecomus-responsive-column ecomus-motion--sticky e-flex ecomus-responsive-column ecomus-tablet-column--default ecomus-responsive-column ecomus-mobile-column--default wpr-particle-no wpr-jarallax-no wpr-parallax-no e-con e-child\" data-id=\"d32f165\" data-element_type=\"container\" data-e-type=\"container\" data-settings=\"{&quot;background_background&quot;:&quot;classic&quot;}\">\n\t\t\t\t<div class=\"elementor-element elementor-element-6671fe3 elementor-widget elementor-widget-heading\" data-id=\"6671fe3\" data-element_type=\"widget\" data-e-type=\"widget\" data-widget_type=\"heading.default\">\n\t\t\t\t<div class=\"elementor-widget-container\">\n\t\t\t\t\t<h2 class=\"elementor-heading-title elementor-size-default\">Articoli Recenti<\/h2>\t\t\t\t<\/div>\n\t\t\t\t<\/div>\n\t\t\t\t<div class=\"elementor-element elementor-element-59ffa4a elementor-hidden-mobile elementor-widget-divider--view-line elementor-widget elementor-widget-divider\" data-id=\"59ffa4a\" data-element_type=\"widget\" data-e-type=\"widget\" data-widget_type=\"divider.default\">\n\t\t\t\t<div class=\"elementor-widget-container\">\n\t\t\t\t\t\t\t<div class=\"elementor-divider\">\n\t\t\t<span class=\"elementor-divider-separator\">\n\t\t\t\t\t\t<\/span>\n\t\t<\/div>\n\t\t\t\t\t\t<\/div>\n\t\t\t\t<\/div>\n\t\t\t\t<div class=\"elementor-element elementor-element-dfb92bb wpr-grid-columns-1 wpr-grid-columns--tablet1 elementor-hidden-mobile wpr-grid-columns--mobile1 wpr-item-styles-inner elementor-widget elementor-widget-wpr-grid\" data-id=\"dfb92bb\" data-element_type=\"widget\" data-e-type=\"widget\" data-widget_type=\"wpr-grid.default\">\n\t\t\t\t<div class=\"elementor-widget-container\">\n\t\t\t\t\t<ul class=\"wpr-grid-filters elementor-clearfix wpr-grid-filters-sep-right\"><li class=\" wpr-pointer-none wpr-pointer-line-fx wpr-pointer-fx-fade\"><span  data-filter=\"*\" class=\"wpr-grid-filters-item wpr-active-filter \"><i class=\" wpr-grid-filters-icon-left\"><\/i>All Posts<\/span><em class=\"wpr-grid-filters-sep\"><\/em><\/li><li class=\" wpr-pointer-none wpr-pointer-line-fx wpr-pointer-fx-fade\"><span   data-ajax-filter=[\"category\",\"cura-dei-capelli\"]  data-filter=\".category-cura-dei-capelli\"><i class=\" wpr-grid-filters-icon-left\"><\/i>Cura dei Capelli<\/span><em class=\"wpr-grid-filters-sep\"><\/em><\/li><li class=\" wpr-pointer-none wpr-pointer-line-fx wpr-pointer-fx-fade\"><span   data-ajax-filter=[\"category\",\"cura-del-viso\"]  data-filter=\".category-cura-del-viso\"><i class=\" wpr-grid-filters-icon-left\"><\/i>Cura del Viso<\/span><em class=\"wpr-grid-filters-sep\"><\/em><\/li><li class=\" wpr-pointer-none wpr-pointer-line-fx wpr-pointer-fx-fade\"><span   data-ajax-filter=[\"category\",\"innovazione\"]  data-filter=\".category-innovazione\"><i class=\" wpr-grid-filters-icon-left\"><\/i>Innovazione<\/span><em class=\"wpr-grid-filters-sep\"><\/em><\/li><li class=\" wpr-pointer-none wpr-pointer-line-fx wpr-pointer-fx-fade\"><span   data-ajax-filter=[\"category\",\"made-in-italy\"]  data-filter=\".category-made-in-italy\"><i class=\" wpr-grid-filters-icon-left\"><\/i>Made In Italy<\/span><em class=\"wpr-grid-filters-sep\"><\/em><\/li><li class=\" wpr-pointer-none wpr-pointer-line-fx wpr-pointer-fx-fade\"><span   data-ajax-filter=[\"category\",\"news\"]  data-filter=\".category-news\"><i class=\" wpr-grid-filters-icon-left\"><\/i>News<\/span><em class=\"wpr-grid-filters-sep\"><\/em><\/li><li class=\" wpr-pointer-none wpr-pointer-line-fx wpr-pointer-fx-fade\"><span   data-ajax-filter=[\"category\",\"styling\"]  data-filter=\".category-styling\"><i class=\" wpr-grid-filters-icon-left\"><\/i>Styling<\/span><em class=\"wpr-grid-filters-sep\"><\/em><\/li><li class=\" wpr-pointer-none wpr-pointer-line-fx wpr-pointer-fx-fade\"><span   data-ajax-filter=[\"category\",\"tendenza\"]  data-filter=\".category-tendenza\"><i class=\" wpr-grid-filters-icon-left\"><\/i>Tendenza<\/span><em class=\"wpr-grid-filters-sep\"><\/em><\/li><\/ul><section class=\"wpr-grid elementor-clearfix\" data-settings=\"{&quot;layout&quot;:&quot;list&quot;,&quot;stick_last_element_to_bottom&quot;:&quot;no&quot;,&quot;columns_desktop&quot;:&quot;1&quot;,&quot;gutter_hr&quot;:30,&quot;gutter_hr_mobile&quot;:30,&quot;gutter_hr_mobile_extra&quot;:30,&quot;gutter_hr_tablet&quot;:30,&quot;gutter_hr_tablet_extra&quot;:30,&quot;gutter_hr_laptop&quot;:30,&quot;gutter_hr_widescreen&quot;:30,&quot;gutter_vr&quot;:30,&quot;gutter_vr_mobile&quot;:30,&quot;gutter_vr_mobile_extra&quot;:30,&quot;gutter_vr_tablet&quot;:30,&quot;gutter_vr_tablet_extra&quot;:30,&quot;gutter_vr_laptop&quot;:30,&quot;gutter_vr_widescreen&quot;:30,&quot;animation&quot;:&quot;default&quot;,&quot;animation_duration&quot;:0.3,&quot;animation_delay&quot;:0.1,&quot;deeplinking&quot;:&quot;no&quot;,&quot;filters_linkable&quot;:&quot;no&quot;,&quot;filters_default_filter&quot;:&quot;&quot;,&quot;filters_count&quot;:&quot;no&quot;,&quot;filters_hide_empty&quot;:&quot;no&quot;,&quot;filters_animation&quot;:&quot;default&quot;,&quot;filters_animation_duration&quot;:0.3,&quot;filters_animation_delay&quot;:0.1,&quot;pagination_type&quot;:&quot;load-more&quot;,&quot;pagination_max_pages&quot;:1,&quot;media_align&quot;:&quot;left&quot;,&quot;media_width&quot;:30,&quot;media_distance&quot;:12,&quot;lightbox&quot;:{&quot;selector&quot;:&quot;.wpr-grid-image-wrap&quot;,&quot;iframeMaxWidth&quot;:&quot;60%&quot;,&quot;hash&quot;:false,&quot;autoplay&quot;:&quot;true&quot;,&quot;pause&quot;:5000,&quot;progressBar&quot;:&quot;true&quot;,&quot;counter&quot;:&quot;true&quot;,&quot;controls&quot;:&quot;true&quot;,&quot;getCaptionFromTitleOrAlt&quot;:&quot;true&quot;,&quot;thumbnail&quot;:&quot;true&quot;,&quot;showThumbByDefault&quot;:&quot;true&quot;,&quot;share&quot;:&quot;true&quot;,&quot;zoom&quot;:&quot;true&quot;,&quot;fullScreen&quot;:&quot;true&quot;,&quot;download&quot;:&quot;true&quot;}}\"><article class=\"wpr-grid-item elementor-clearfix post-43613 post type-post status-publish format-standard has-post-thumbnail hentry category-cura-dei-capelli category-cura-del-viso category-innovazione category-made-in-italy category-news category-styling category-tendenza tag-tendenza\"><div class=\"wpr-grid-item-inner\"><div class=\"wpr-grid-media-wrap wpr-effect-size-medium \" data-overlay-link=\"yes\"><div class=\"wpr-grid-image-wrap\" data-src=\"https:\/\/eledi.robertocuomo.com\/wp-content\/uploads\/elementor\/thumbs\/articolo4-kapera-scaled-1-rir57v8y7oys9170mkw8lo3z9cztfxc2vp1ylurwcs.jpg\" data-img-on-hover=\"\"  data-src-secondary=\"\"><img decoding=\"async\" data-no-lazy=\"1\" src=\"https:\/\/eledi.robertocuomo.com\/wp-content\/uploads\/elementor\/thumbs\/articolo4-kapera-scaled-1-rir57v8y7oys9170mkw8lo3z9cztfxc2vp1ylurwcs.jpg\" alt=\"Capelli Perfetti e Pronti per la Giornata: La Routine Lovely per la frenesia quotidiana\" class=\"wpr-anim-timing-ease-default\"><\/div><div class=\"wpr-grid-media-hover wpr-animation-wrap\"><div class=\"wpr-grid-media-hover-bg  wpr-overlay-fade-in wpr-anim-size-large wpr-anim-timing-ease-default wpr-anim-transparency\" data-url=\"https:\/\/eledi.robertocuomo.com\/?p=43613\"><\/div><\/div><\/div><div class=\"wpr-grid-item-below-content elementor-clearfix\"><h2 class=\"wpr-grid-item-title elementor-repeater-item-c10ba68 wpr-grid-item-display-block wpr-grid-item-align-left wpr-pointer-none wpr-pointer-line-fx wpr-pointer-fx-slide\"><div class=\"inner-block\"><a target=\"_self\"  href=\"https:\/\/eledi.robertocuomo.com\/?p=43613\">Capelli Perfetti e Pronti per la Giornata: La Routine Lovely&hellip;<\/a><\/div><\/h2><div class=\"wpr-grid-item-date elementor-repeater-item-28b4ad5 wpr-grid-item-display-inline wpr-grid-item-align-left\"><div class=\"inner-block\"><span>10 Febbraio 2026<\/span><\/div><\/div><\/div><\/div><\/article><article class=\"wpr-grid-item elementor-clearfix post-43609 post type-post status-publish format-standard has-post-thumbnail hentry category-cura-dei-capelli category-cura-del-viso category-innovazione category-made-in-italy category-news category-styling category-tendenza tag-tendenza\"><div class=\"wpr-grid-item-inner\"><div class=\"wpr-grid-media-wrap wpr-effect-size-medium \" data-overlay-link=\"yes\"><div class=\"wpr-grid-image-wrap\" data-src=\"https:\/\/eledi.robertocuomo.com\/wp-content\/uploads\/elementor\/thumbs\/articolo-loro-scaled-1-rir5295neba4wvckenjg7l3vjinwh01sfwskfd3jik.jpg\" data-img-on-hover=\"\"  data-src-secondary=\"\"><img decoding=\"async\" data-no-lazy=\"1\" src=\"https:\/\/eledi.robertocuomo.com\/wp-content\/uploads\/elementor\/thumbs\/articolo-loro-scaled-1-rir5295neba4wvckenjg7l3vjinwh01sfwskfd3jik.jpg\" alt=\"Autumn Vibes: I Trend del 2025\" class=\"wpr-anim-timing-ease-default\"><\/div><div class=\"wpr-grid-media-hover wpr-animation-wrap\"><div class=\"wpr-grid-media-hover-bg  wpr-overlay-fade-in wpr-anim-size-large wpr-anim-timing-ease-default wpr-anim-transparency\" data-url=\"https:\/\/eledi.robertocuomo.com\/?p=43609\"><\/div><\/div><\/div><div class=\"wpr-grid-item-below-content elementor-clearfix\"><h2 class=\"wpr-grid-item-title elementor-repeater-item-c10ba68 wpr-grid-item-display-block wpr-grid-item-align-left wpr-pointer-none wpr-pointer-line-fx wpr-pointer-fx-slide\"><div class=\"inner-block\"><a target=\"_self\"  href=\"https:\/\/eledi.robertocuomo.com\/?p=43609\">Autumn Vibes: I Trend del 2025<\/a><\/div><\/h2><div class=\"wpr-grid-item-date elementor-repeater-item-28b4ad5 wpr-grid-item-display-inline wpr-grid-item-align-left\"><div class=\"inner-block\"><span>10 Febbraio 2026<\/span><\/div><\/div><\/div><\/div><\/article><article class=\"wpr-grid-item elementor-clearfix post-43605 post type-post status-publish format-standard has-post-thumbnail hentry category-cura-dei-capelli category-cura-del-viso category-innovazione category-made-in-italy category-news category-styling category-tendenza tag-tendenza\"><div class=\"wpr-grid-item-inner\"><div class=\"wpr-grid-media-wrap wpr-effect-size-medium \" data-overlay-link=\"yes\"><div class=\"wpr-grid-image-wrap\" data-src=\"https:\/\/eledi.robertocuomo.com\/wp-content\/uploads\/elementor\/thumbs\/Caduta-dei-capelli-in-autunno-rir4vp85qwb5yqv9obk3bqn6fsyrsz15vh1oywtcwc.jpg\" data-img-on-hover=\"\"  data-src-secondary=\"\"><img decoding=\"async\" data-no-lazy=\"1\" src=\"https:\/\/eledi.robertocuomo.com\/wp-content\/uploads\/elementor\/thumbs\/Caduta-dei-capelli-in-autunno-rir4vp85qwb5yqv9obk3bqn6fsyrsz15vh1oywtcwc.jpg\" alt=\"La Caduta dei Capelli in Autunno: Cause e Soluzioni con Prodotti Kapera\" class=\"wpr-anim-timing-ease-default\"><\/div><div class=\"wpr-grid-media-hover wpr-animation-wrap\"><div class=\"wpr-grid-media-hover-bg  wpr-overlay-fade-in wpr-anim-size-large wpr-anim-timing-ease-default wpr-anim-transparency\" data-url=\"https:\/\/eledi.robertocuomo.com\/?p=43605\"><\/div><\/div><\/div><div class=\"wpr-grid-item-below-content elementor-clearfix\"><h2 class=\"wpr-grid-item-title elementor-repeater-item-c10ba68 wpr-grid-item-display-block wpr-grid-item-align-left wpr-pointer-none wpr-pointer-line-fx wpr-pointer-fx-slide\"><div class=\"inner-block\"><a target=\"_self\"  href=\"https:\/\/eledi.robertocuomo.com\/?p=43605\">La Caduta dei Capelli in Autunno: Cause e Soluzioni con&hellip;<\/a><\/div><\/h2><div class=\"wpr-grid-item-date elementor-repeater-item-28b4ad5 wpr-grid-item-display-inline wpr-grid-item-align-left\"><div class=\"inner-block\"><span>10 Febbraio 2026<\/span><\/div><\/div><\/div><\/div><\/article><article class=\"wpr-grid-item elementor-clearfix post-36377 post type-post status-publish format-standard has-post-thumbnail hentry category-cura-dei-capelli category-cura-del-viso category-innovazione category-made-in-italy category-news category-styling category-tendenza tag-tendenza\"><div class=\"wpr-grid-item-inner\"><div class=\"wpr-grid-media-wrap wpr-effect-size-medium \" data-overlay-link=\"yes\"><div class=\"wpr-grid-image-wrap\" data-src=\"https:\/\/eledi.robertocuomo.com\/wp-content\/uploads\/elementor\/thumbs\/VIN0443-1-riog548ydmx0dniiigeco22t986808f4qaf5b2h4ek.jpg\" data-img-on-hover=\"\"  data-src-secondary=\"\"><img decoding=\"async\" data-no-lazy=\"1\" src=\"https:\/\/eledi.robertocuomo.com\/wp-content\/uploads\/elementor\/thumbs\/VIN0443-1-riog548ydmx0dniiigeco22t986808f4qaf5b2h4ek.jpg\" alt=\"Come diventa glam via Brin. Dopo \u00abEccellenze\u00bb arriva \u00abKapera\u00bb\" class=\"wpr-anim-timing-ease-default\"><\/div><div class=\"wpr-grid-media-hover wpr-animation-wrap\"><div class=\"wpr-grid-media-hover-bg  wpr-overlay-fade-in wpr-anim-size-large wpr-anim-timing-ease-default wpr-anim-transparency\" data-url=\"https:\/\/eledi.robertocuomo.com\/?p=36377\"><\/div><\/div><\/div><div class=\"wpr-grid-item-below-content elementor-clearfix\"><h2 class=\"wpr-grid-item-title elementor-repeater-item-c10ba68 wpr-grid-item-display-block wpr-grid-item-align-left wpr-pointer-none wpr-pointer-line-fx wpr-pointer-fx-slide\"><div class=\"inner-block\"><a target=\"_self\"  href=\"https:\/\/eledi.robertocuomo.com\/?p=36377\">Come diventa glam via Brin. Dopo \u00abEccellenze\u00bb arriva \u00abKapera\u00bb<\/a><\/div><\/h2><div class=\"wpr-grid-item-date elementor-repeater-item-28b4ad5 wpr-grid-item-display-inline wpr-grid-item-align-left\"><div class=\"inner-block\"><span>30 Marzo 2025<\/span><\/div><\/div><\/div><\/div><\/article><\/section>\t\t\t\t<\/div>\n\t\t\t\t<\/div>\n\t\t\t\t<div class=\"elementor-element elementor-element-339d5c9 elementor-hidden-desktop elementor-hidden-tablet elementor-widget elementor-widget-ucaddon_swipe_css_carousel\" data-id=\"339d5c9\" data-element_type=\"widget\" data-e-type=\"widget\" data-widget_type=\"ucaddon_swipe_css_carousel.default\">\n\t\t\t\t<div class=\"elementor-widget-container\">\n\t\t\t\t\t\n<!-- start Swipe Carousel -->\n<style>\/* widget: Swipe Carousel *\/\n\n#uc_swipe_css_carousel_elementor_339d5c9,\n#uc_swipe_css_carousel_elementor_339d5c9 .uc-items-wrapper{\n    padding: 0px;\n    display: flex;\n    overflow: scroll;\n  \twidth: 100%;\n  \t}\n\n#uc_swipe_css_carousel_elementor_339d5c9 .galleryItem {\n    background-position:center;\n    flex-shrink: 0;\n    position:relative;\n    background-repeat:no-repeat;\n  \tdisplay: flex;\n  \t}\n\n#uc_swipe_css_carousel_elementor_339d5c9 .swipe_css_carousel-content{\n\tposition: absolute;\n  \tleft: 0;\n}\n\n#uc_swipe_css_carousel_elementor_339d5c9::-webkit-scrollbar,\n#uc_swipe_css_carousel_elementor_339d5c9 .uc-items-wrapper::-webkit-scrollbar {\n  width: 0px !important;\n  height: 0px !important;\n  background-color: rgba(0, 0, 0, 0);\n}\n\n#uc_swipe_css_carousel_elementor_339d5c9::-webkit-scrollbar-thumb,\n#uc_swipe_css_carousel_elementor_339d5c9 .uc-items-wrapper::-webkit-scrollbar-thumb {\n  background-color: rgba(0, 0, 0, 0);\n}\n\n#uc_swipe_css_carousel_elementor_339d5c9::-webkit-scrollbar-track,\n#uc_swipe_css_carousel_elementor_339d5c9 .uc-items-wrapper::-webkit-scrollbar-track {\n  background-color: rgba(255, 255, 255, 0.0);\n}\n\n#uc_swipe_css_carousel_elementor_339d5c9 .galleryItemLink{\n  display:block;\n  position:absolute;\n  top:0;\n  bottom:0;\n  left:0;\n  right:0;\n}\n\n\n#uc_swipe_css_carousel_elementor_339d5c9 .swipe_css_carousel-content-titles{\n  display: flex;\n}\n#uc_swipe_css_carousel_elementor_339d5c9_item1{\n\tbackground-image: url(https:\/\/eledi.robertocuomo.com\/wp-content\/uploads\/2025\/01\/44-1.jpg);\n}\n\n#uc_swipe_css_carousel_elementor_339d5c9_item2{\n\tbackground-image: url(https:\/\/eledi.robertocuomo.com\/wp-content\/uploads\/2025\/01\/articolo4-kapera-scaled-1.jpg);\n}\n\n#uc_swipe_css_carousel_elementor_339d5c9_item3{\n\tbackground-image: url(https:\/\/eledi.robertocuomo.com\/wp-content\/uploads\/2025\/02\/articolo-loro-scaled-1.jpg);\n}\n\n#uc_swipe_css_carousel_elementor_339d5c9_item4{\n\tbackground-image: url(https:\/\/eledi.robertocuomo.com\/wp-content\/uploads\/2025\/03\/Caduta-dei-capelli-in-autunno.jpg);\n}\n\n#uc_swipe_css_carousel_elementor_339d5c9_item5{\n\tbackground-image: url(https:\/\/eledi.robertocuomo.com\/wp-content\/uploads\/2026\/02\/VIN0443-1.jpg);\n}\n\n\n\n<\/style>\n\n<div id=\"uc_swipe_css_carousel_elementor_339d5c9\" class=\"swipe_css_carousel \"  data-show-title=\"true\" data-show-text=\"false\" data-justified-widths=\"false\">\n   <div style=\"height:10px;flex-shrink: 0;\" class=\"startGap\"><\/div>\n   <div class=\"uc-items-wrapper\">\n<div id=\"uc_swipe_css_carousel_elementor_339d5c9_item1\" class=\"galleryItem\">\n\n  \n      <a class=\"galleryItemLink\" href=\"https:\/\/eledi.robertocuomo.com\/?p=43617\"  aria-label=\"gallery item link\"><\/a>\n\n  \n  <div class=\"swipe_css_carousel-content\">\n\n          <a class=\"galleryItemLink\" href=\"https:\/\/eledi.robertocuomo.com\/?p=43617\"  aria-label=\"gallery item link\"><\/a>\n\n    \n    <div class=\"swipe_css_carousel-content-titles\">\n\n                        <a href=\"https:\/\/eledi.robertocuomo.com\/?p=43617\" >\n                    <div class=\"swipe_css_carousel-title\">La tua hair routine per capelli difficili da gestire<\/div>\n                  <\/a>\n              \n            \n            \n    <\/div>\n\n    \n  <\/div>\n\n<\/div>\n\n<div id=\"uc_swipe_css_carousel_elementor_339d5c9_item2\" class=\"galleryItem\">\n\n  \n      <a class=\"galleryItemLink\" href=\"https:\/\/eledi.robertocuomo.com\/?p=43613\"  aria-label=\"gallery item link\"><\/a>\n\n  \n  <div class=\"swipe_css_carousel-content\">\n\n          <a class=\"galleryItemLink\" href=\"https:\/\/eledi.robertocuomo.com\/?p=43613\"  aria-label=\"gallery item link\"><\/a>\n\n    \n    <div class=\"swipe_css_carousel-content-titles\">\n\n                        <a href=\"https:\/\/eledi.robertocuomo.com\/?p=43613\" >\n                    <div class=\"swipe_css_carousel-title\">Capelli Perfetti e Pronti per la Giornata: La Routine Lovely per la frenesia quotidiana<\/div>\n                  <\/a>\n              \n            \n            \n    <\/div>\n\n    \n  <\/div>\n\n<\/div>\n\n<div id=\"uc_swipe_css_carousel_elementor_339d5c9_item3\" class=\"galleryItem\">\n\n  \n      <a class=\"galleryItemLink\" href=\"https:\/\/eledi.robertocuomo.com\/?p=43609\"  aria-label=\"gallery item link\"><\/a>\n\n  \n  <div class=\"swipe_css_carousel-content\">\n\n          <a class=\"galleryItemLink\" href=\"https:\/\/eledi.robertocuomo.com\/?p=43609\"  aria-label=\"gallery item link\"><\/a>\n\n    \n    <div class=\"swipe_css_carousel-content-titles\">\n\n                        <a href=\"https:\/\/eledi.robertocuomo.com\/?p=43609\" >\n                    <div class=\"swipe_css_carousel-title\">Autumn Vibes: I Trend del 2025<\/div>\n                  <\/a>\n              \n            \n            \n    <\/div>\n\n    \n  <\/div>\n\n<\/div>\n\n<div id=\"uc_swipe_css_carousel_elementor_339d5c9_item4\" class=\"galleryItem\">\n\n  \n      <a class=\"galleryItemLink\" href=\"https:\/\/eledi.robertocuomo.com\/?p=43605\"  aria-label=\"gallery item link\"><\/a>\n\n  \n  <div class=\"swipe_css_carousel-content\">\n\n          <a class=\"galleryItemLink\" href=\"https:\/\/eledi.robertocuomo.com\/?p=43605\"  aria-label=\"gallery item link\"><\/a>\n\n    \n    <div class=\"swipe_css_carousel-content-titles\">\n\n                        <a href=\"https:\/\/eledi.robertocuomo.com\/?p=43605\" >\n                    <div class=\"swipe_css_carousel-title\">La Caduta dei Capelli in Autunno: Cause e Soluzioni con Prodotti Kapera<\/div>\n                  <\/a>\n              \n            \n            \n    <\/div>\n\n    \n  <\/div>\n\n<\/div>\n\n<div id=\"uc_swipe_css_carousel_elementor_339d5c9_item5\" class=\"galleryItem\">\n\n  \n      <a class=\"galleryItemLink\" href=\"https:\/\/eledi.robertocuomo.com\/?p=36377\"  aria-label=\"gallery item link\"><\/a>\n\n  \n  <div class=\"swipe_css_carousel-content\">\n\n          <a class=\"galleryItemLink\" href=\"https:\/\/eledi.robertocuomo.com\/?p=36377\"  aria-label=\"gallery item link\"><\/a>\n\n    \n    <div class=\"swipe_css_carousel-content-titles\">\n\n                        <a href=\"https:\/\/eledi.robertocuomo.com\/?p=36377\" >\n                    <div class=\"swipe_css_carousel-title\">Come diventa glam via Brin. Dopo \u00abEccellenze\u00bb arriva \u00abKapera\u00bb<\/div>\n                  <\/a>\n              \n            \n            \n    <\/div>\n\n    \n  <\/div>\n\n<\/div>\n<\/div>\n   <div style=\"height:10px;flex-shrink: 0;\" class=\"endGap\"><\/div>\n<\/div>\n<!-- end Swipe Carousel -->\t\t\t\t<\/div>\n\t\t\t\t<\/div>\n\t\t\t\t<div class=\"elementor-element elementor-element-a32a366 elementor-widget elementor-widget-heading\" data-id=\"a32a366\" data-element_type=\"widget\" data-e-type=\"widget\" data-widget_type=\"heading.default\">\n\t\t\t\t<div class=\"elementor-widget-container\">\n\t\t\t\t\t<h2 class=\"elementor-heading-title elementor-size-default\">Categorie Articoli<\/h2>\t\t\t\t<\/div>\n\t\t\t\t<\/div>\n\t\t\t\t<div class=\"elementor-element elementor-element-1be2f6d wpr-taxonomy-list-vertical elementor-widget elementor-widget-wpr-taxonomy-list\" data-id=\"1be2f6d\" data-element_type=\"widget\" data-e-type=\"widget\" data-widget_type=\"wpr-taxonomy-list.default\">\n\t\t\t\t<div class=\"elementor-widget-container\">\n\t\t\t\t\t<ul class=\"wpr-taxonomy-list\" data-show-on-click=\"yes\"><li class=\"wpr-taxonomy\"data-term-id=\"3359\"><a target=\"_self\" href=\"https:\/\/eledi.robertocuomo.com\/?cat=3359\"><span class=\"wpr-tax-wrap\"> <span><\/span><span>Cura dei Capelli<\/span><\/span><\/a><\/li><li class=\"wpr-taxonomy\"data-term-id=\"18\"><a target=\"_self\" href=\"https:\/\/eledi.robertocuomo.com\/?cat=18\"><span class=\"wpr-tax-wrap\"> <span><\/span><span>Cura del Viso<\/span><\/span><\/a><\/li><li class=\"wpr-taxonomy\"data-term-id=\"3356\"><a target=\"_self\" href=\"https:\/\/eledi.robertocuomo.com\/?cat=3356\"><span class=\"wpr-tax-wrap\"> <span><\/span><span>Innovazione<\/span><\/span><\/a><\/li><li class=\"wpr-taxonomy\"data-term-id=\"21\"><a target=\"_self\" href=\"https:\/\/eledi.robertocuomo.com\/?cat=21\"><span class=\"wpr-tax-wrap\"> <span><\/span><span>Made In Italy<\/span><\/span><\/a><\/li><li class=\"wpr-taxonomy\"data-term-id=\"3357\"><a target=\"_self\" href=\"https:\/\/eledi.robertocuomo.com\/?cat=3357\"><span class=\"wpr-tax-wrap\"> <span><\/span><span>News<\/span><\/span><\/a><\/li><li class=\"wpr-taxonomy\"data-term-id=\"3298\"><a target=\"_self\" href=\"https:\/\/eledi.robertocuomo.com\/?cat=3298\"><span class=\"wpr-tax-wrap\"> <span><\/span><span>Styling<\/span><\/span><\/a><\/li><li class=\"wpr-taxonomy\"data-term-id=\"3299\"><a target=\"_self\" href=\"https:\/\/eledi.robertocuomo.com\/?cat=3299\"><span class=\"wpr-tax-wrap\"> <span><\/span><span>Tendenza<\/span><\/span><\/a><\/li><\/ul>\t\t\t\t<\/div>\n\t\t\t\t<\/div>\n\t\t\t\t<\/div>\n\t\t\t\t<\/div>\n\t\t\t\t<\/div>\n\t\t\t\t<\/div>\n\t\t","protected":false},"excerpt":{"rendered":"<p>Com\u2019\u00e8 glam via Brin! A una passo da\u00a0Eccellenze Campania, di fronte allo studentato dell\u2019Orientale, ha appena inaugurato\u00a0Kapera, un grande spazio su due livelli che un tempo avremmo definito, senza paura di risultare vintage, Salone di bellezza.<\/p>\n","protected":false},"author":1,"featured_media":41799,"comment_status":"closed","ping_status":"closed","sticky":false,"template":"elementor_header_footer","format":"standard","meta":{"_joinchat":[],"footnotes":""},"categories":[3359,18,3356,21,3357,3298,3299],"tags":[3372],"class_list":["post-36377","post","type-post","status-publish","format-standard","has-post-thumbnail","hentry","category-cura-dei-capelli","category-cura-del-viso","category-innovazione","category-made-in-italy","category-news","category-styling","category-tendenza","tag-tendenza"],"jetpack_featured_media_url":"https:\/\/eledi.robertocuomo.com\/wp-content\/uploads\/2026\/02\/VIN0443-1.jpg","acf":[],"_links":{"self":[{"href":"https:\/\/eledi.robertocuomo.com\/index.php?rest_route=\/wp\/v2\/posts\/36377","targetHints":{"allow":["GET"]}}],"collection":[{"href":"https:\/\/eledi.robertocuomo.com\/index.php?rest_route=\/wp\/v2\/posts"}],"about":[{"href":"https:\/\/eledi.robertocuomo.com\/index.php?rest_route=\/wp\/v2\/types\/post"}],"author":[{"embeddable":true,"href":"https:\/\/eledi.robertocuomo.com\/index.php?rest_route=\/wp\/v2\/users\/1"}],"replies":[{"embeddable":true,"href":"https:\/\/eledi.robertocuomo.com\/index.php?rest_route=%2Fwp%2Fv2%2Fcomments&post=36377"}],"version-history":[{"count":0,"href":"https:\/\/eledi.robertocuomo.com\/index.php?rest_route=\/wp\/v2\/posts\/36377\/revisions"}],"wp:featuredmedia":[{"embeddable":true,"href":"https:\/\/eledi.robertocuomo.com\/index.php?rest_route=\/wp\/v2\/media\/41799"}],"wp:attachment":[{"href":"https:\/\/eledi.robertocuomo.com\/index.php?rest_route=%2Fwp%2Fv2%2Fmedia&parent=36377"}],"wp:term":[{"taxonomy":"category","embeddable":true,"href":"https:\/\/eledi.robertocuomo.com\/index.php?rest_route=%2Fwp%2Fv2%2Fcategories&post=36377"},{"taxonomy":"post_tag","embeddable":true,"href":"https:\/\/eledi.robertocuomo.com\/index.php?rest_route=%2Fwp%2Fv2%2Ftags&post=36377"}],"curies":[{"name":"wp","href":"https:\/\/api.w.org\/{rel}","templated":true}]}}